{"id":204,"date":"2020-10-05T20:28:08","date_gmt":"2020-10-05T20:28:08","guid":{"rendered":"http:\/\/geo-webonline.com\/?p=204"},"modified":"2020-10-05T20:28:34","modified_gmt":"2020-10-05T20:28:34","slug":"las-americas-se-unieron-hace-13-millones-de-anos","status":"publish","type":"post","link":"https:\/\/geo-webonline.com\/en\/las-americas-se-unieron-hace-13-millones-de-anos\/","title":{"rendered":"Las Am\u00e9ricas se unieron hace 13 millones de a\u00f1os"},"content":{"rendered":"<figure class=\"wp-block-image size-large\"><img fetchpriority=\"high\" decoding=\"async\" width=\"800\" height=\"400\" src=\"http:\/\/geo-webonline.com\/wp-content\/uploads\/2020\/10\/lasmaericas3l.jpg\" alt=\"\" class=\"wp-image-205\" srcset=\"https:\/\/geo-webonline.com\/wp-content\/uploads\/2020\/10\/lasmaericas3l.jpg 800w, https:\/\/geo-webonline.com\/wp-content\/uploads\/2020\/10\/lasmaericas3l-300x150.jpg 300w, https:\/\/geo-webonline.com\/wp-content\/uploads\/2020\/10\/lasmaericas3l-768x384.jpg 768w\" sizes=\"(max-width: 800px) 100vw, 800px\" \/><\/figure>\n\n\n\n<p>Am\u00e9rica del Norte y Am\u00e9rica del Sur quedaron unidas por el itsmo de Panam\u00e1 hace 13 millones de a\u00f1os y no tres, como cre\u00edan hasta ahora los investigadores, seg\u00fan un nuevo estudio que public\u00f3 hoy la revista &#8220;Science&#8221;.<\/p>\n\n\n\n<p>&#8220;La formaci\u00f3n del itsmo de Panam\u00e1 est\u00e1 considerada un evento crucial en la literatura cient\u00edfica. Nosotros con esta investigaci\u00f3n ponemos en duda su importancia, porque hemos descubierto que se origin\u00f3 10 millones de a\u00f1os antes de lo que se cre\u00eda&#8221;, explic\u00f3 a Efe el colombiano Camilo Montes, investigador principal del estudio.<\/p>\n\n\n\n<p>La comunidad cient\u00edfica se ha basado en la tesis de que las Am\u00e9ricas se unieron por el itsmo de Panam\u00e1 hace 3 millones de a\u00f1os, para explicar fen\u00f3menos como el inicio de las glaciaciones o el gran intercambio bi\u00f3tico (de organismos vivos) entre Am\u00e9rica del Norte y Am\u00e9rica del Sur.<\/p>\n\n\n\n<p>&#8220;Est\u00e1 muy estudiado, y nosotros no ponemos en duda en ning\u00fan momento que el inicio de las glaciaciones ocurri\u00f3 hace 3 millones de a\u00f1os y que el gran intercambio bi\u00f3tico se produjo tambi\u00e9n hace 3 millones de a\u00f1os&#8221;, se\u00f1al\u00f3 Montes.<\/p>\n\n\n\n<p>&#8220;Lo que demuestra nuestra investigaci\u00f3n es que el surgimiento del itsmo de Panam\u00e1 no tuvo mayor incidencia en estos eventos porque ocurri\u00f3 10 millones de a\u00f1os antes&#8221;, a\u00f1adi\u00f3 el investigador.<\/p>\n\n\n\n<p>La pregunta que deja, por tanto, este estudio es: si no fue el itsmo de Panam\u00e1, \u00bfqu\u00e9 origin\u00f3 esos procesos?.<\/p>\n\n\n\n<p>&#8220;Muchas de esas hip\u00f3tesis est\u00e1n muy bien sustentadas pero ahora se quedan sin explicaci\u00f3n porque el itsmo de Panam\u00e1 se form\u00f3 10 millones de a\u00f1os antes de que ocurrieran&#8221;, apunt\u00f3 Montes.<\/p>\n\n\n\n<h3 class=\"wp-block-heading\"><strong>Migraci\u00f3n de animales<\/strong><\/h3>\n\n\n\n<p>&#8220;Por ejemplo, hasta ahora se consideraba que el itsmo permiti\u00f3 el paso de animales del norte al sur del continente, y viceversa. Pero si el itsmo se form\u00f3 diez millones de a\u00f1os antes, \u00bfpor qu\u00e9 los animales esperaron todo ese tiempo para cruzar?&#8221;, a\u00f1adi\u00f3.<\/p>\n\n\n\n<p>Seg\u00fan se explica en el texto del estudio, este descubrimiento podr\u00eda &#8220;cambiar c\u00f3mo entienden&#8221; los investigadores el papel que tuvo la formaci\u00f3n del itsmo de Panam\u00e1 en las variaciones de patr\u00f3n en la circulaci\u00f3n oce\u00e1nica, el clima global, as\u00ed como la migraci\u00f3n de especies entre continentes.<\/p>\n\n\n\n<p>Para efectuar esta investigaci\u00f3n, de tres a\u00f1os, el equipo de cient\u00edficos obtuvo la &#8220;huella digital&#8221; del itsmo de Panam\u00e1 y del norte de Suram\u00e9rica a partir del mineral circ\u00f3n.<\/p>\n\n\n\n<p>&#8220;Las huellas digitales de ambas son exclusivas, es decir, que circones de la edad de los que hay en Panam\u00e1 no hay en el norte de Suram\u00e9rica. Por eso pudimos determinar cuando se uni\u00f3 el itsmo a Suram\u00e9rica&#8221;, explic\u00f3 el investigador.<\/p>\n\n\n\n<p>Montes, que es profesor de Geociencia en la Universidad de los Andes en Bogot\u00e1, firma este estudio junto al segundo investigador principal, Agust\u00edn Cardona, de la Universidad Nacional de Colombia en Medell\u00edn.<\/p>\n\n\n\n<p>En la investigaci\u00f3n trabajaron tambi\u00e9n cient\u00edficos del Smithsonian Tropical Research Institute en Anc\u00f3n, Panam\u00e1, y la Universidad de Caldas en Manizales, Colombia. (I)<\/p>","protected":false},"excerpt":{"rendered":"<p>Am\u00e9rica del Norte y Am\u00e9rica del Sur quedaron unidas por el itsmo de Panam\u00e1 hace 13 millones de a\u00f1os y no tres, como cre\u00edan hasta ahora los investigadores, seg\u00fan un nuevo estudio que public\u00f3 hoy la revista &#8220;Science&#8221;. &#8220;La formaci\u00f3n del itsmo de Panam\u00e1 est\u00e1 considerada un evento crucial en la literatura cient\u00edfica. Nosotros con [&hellip;]<\/p>","protected":false},"author":1,"featured_media":205,"comment_status":"open","ping_status":"open","sticky":false,"template":"","format":"standard","meta":{"footnotes":""},"categories":[3],"tags":[],"class_list":["post-204","post","type-post","status-publish","format-standard","has-post-thumbnail","hentry","category-noticias"],"yoast_head":"<!-- This site is optimized with the Yoast SEO plugin v27.4 - https:\/\/yoast.com\/product\/yoast-seo-wordpress\/ -->\n<title>Las Am\u00e9ricas se unieron hace 13 millones de a\u00f1os -<\/title>\n<meta name=\"robots\" content=\"index, follow, max-snippet:-1, max-image-preview:large, max-video-preview:-1\" \/>\n<link rel=\"canonical\" href=\"https:\/\/geo-webonline.com\/en\/las-americas-se-unieron-hace-13-millones-de-anos\/\" \/>\n<meta property=\"og:locale\" content=\"en_US\" \/>\n<meta property=\"og:type\" content=\"article\" \/>\n<meta property=\"og:title\" content=\"Las Am\u00e9ricas se unieron hace 13 millones de a\u00f1os -\" \/>\n<meta property=\"og:description\" content=\"Am\u00e9rica del Norte y Am\u00e9rica del Sur quedaron unidas por el itsmo de Panam\u00e1 hace 13 millones de a\u00f1os y no tres, como cre\u00edan hasta ahora los investigadores, seg\u00fan un nuevo estudio que public\u00f3 hoy la revista &#8220;Science&#8221;. &#8220;La formaci\u00f3n del itsmo de Panam\u00e1 est\u00e1 considerada un evento crucial en la literatura cient\u00edfica. Nosotros con [&hellip;]\" \/>\n<meta property=\"og:url\" content=\"https:\/\/geo-webonline.com\/en\/las-americas-se-unieron-hace-13-millones-de-anos\/\" \/>\n<meta property=\"article:published_time\" content=\"2020-10-05T20:28:08+00:00\" \/>\n<meta property=\"article:modified_time\" content=\"2020-10-05T20:28:34+00:00\" \/>\n<meta property=\"og:image\" content=\"https:\/\/geo-webonline.com\/wp-content\/uploads\/2020\/10\/lasmaericas3l.jpg\" \/>\n\t<meta property=\"og:image:width\" content=\"800\" \/>\n\t<meta property=\"og:image:height\" content=\"400\" \/>\n\t<meta property=\"og:image:type\" content=\"image\/jpeg\" \/>\n<meta name=\"author\" content=\"ezequiel6\" \/>\n<meta name=\"twitter:card\" content=\"summary_large_image\" \/>\n<meta name=\"twitter:label1\" content=\"Written by\" \/>\n\t<meta name=\"twitter:data1\" content=\"ezequiel6\" \/>\n\t<meta name=\"twitter:label2\" content=\"Est. reading time\" \/>\n\t<meta name=\"twitter:data2\" content=\"3 minutes\" \/>\n<script type=\"application\/ld+json\" class=\"yoast-schema-graph\">{\"@context\":\"https:\\\/\\\/schema.org\",\"@graph\":[{\"@type\":\"Article\",\"@id\":\"https:\\\/\\\/geo-webonline.com\\\/las-americas-se-unieron-hace-13-millones-de-anos\\\/#article\",\"isPartOf\":{\"@id\":\"https:\\\/\\\/geo-webonline.com\\\/las-americas-se-unieron-hace-13-millones-de-anos\\\/\"},\"author\":{\"name\":\"ezequiel6\",\"@id\":\"https:\\\/\\\/geo-webonline.com\\\/#\\\/schema\\\/person\\\/fee10589f4f6ff18824c0b7685f6fcc0\"},\"headline\":\"Las Am\u00e9ricas se unieron hace 13 millones de a\u00f1os\",\"datePublished\":\"2020-10-05T20:28:08+00:00\",\"dateModified\":\"2020-10-05T20:28:34+00:00\",\"mainEntityOfPage\":{\"@id\":\"https:\\\/\\\/geo-webonline.com\\\/las-americas-se-unieron-hace-13-millones-de-anos\\\/\"},\"wordCount\":535,\"commentCount\":0,\"image\":{\"@id\":\"https:\\\/\\\/geo-webonline.com\\\/las-americas-se-unieron-hace-13-millones-de-anos\\\/#primaryimage\"},\"thumbnailUrl\":\"https:\\\/\\\/geo-webonline.com\\\/wp-content\\\/uploads\\\/2020\\\/10\\\/lasmaericas3l.jpg\",\"articleSection\":[\"Novedades\"],\"inLanguage\":\"en-US\",\"potentialAction\":[{\"@type\":\"CommentAction\",\"name\":\"Comment\",\"target\":[\"https:\\\/\\\/geo-webonline.com\\\/las-americas-se-unieron-hace-13-millones-de-anos\\\/#respond\"]}]},{\"@type\":\"WebPage\",\"@id\":\"https:\\\/\\\/geo-webonline.com\\\/las-americas-se-unieron-hace-13-millones-de-anos\\\/\",\"url\":\"https:\\\/\\\/geo-webonline.com\\\/las-americas-se-unieron-hace-13-millones-de-anos\\\/\",\"name\":\"Las Am\u00e9ricas se unieron hace 13 millones de a\u00f1os -\",\"isPartOf\":{\"@id\":\"https:\\\/\\\/geo-webonline.com\\\/#website\"},\"primaryImageOfPage\":{\"@id\":\"https:\\\/\\\/geo-webonline.com\\\/las-americas-se-unieron-hace-13-millones-de-anos\\\/#primaryimage\"},\"image\":{\"@id\":\"https:\\\/\\\/geo-webonline.com\\\/las-americas-se-unieron-hace-13-millones-de-anos\\\/#primaryimage\"},\"thumbnailUrl\":\"https:\\\/\\\/geo-webonline.com\\\/wp-content\\\/uploads\\\/2020\\\/10\\\/lasmaericas3l.jpg\",\"datePublished\":\"2020-10-05T20:28:08+00:00\",\"dateModified\":\"2020-10-05T20:28:34+00:00\",\"author\":{\"@id\":\"https:\\\/\\\/geo-webonline.com\\\/#\\\/schema\\\/person\\\/fee10589f4f6ff18824c0b7685f6fcc0\"},\"breadcrumb\":{\"@id\":\"https:\\\/\\\/geo-webonline.com\\\/las-americas-se-unieron-hace-13-millones-de-anos\\\/#breadcrumb\"},\"inLanguage\":\"en-US\",\"potentialAction\":[{\"@type\":\"ReadAction\",\"target\":[\"https:\\\/\\\/geo-webonline.com\\\/las-americas-se-unieron-hace-13-millones-de-anos\\\/\"]}]},{\"@type\":\"ImageObject\",\"inLanguage\":\"en-US\",\"@id\":\"https:\\\/\\\/geo-webonline.com\\\/las-americas-se-unieron-hace-13-millones-de-anos\\\/#primaryimage\",\"url\":\"https:\\\/\\\/geo-webonline.com\\\/wp-content\\\/uploads\\\/2020\\\/10\\\/lasmaericas3l.jpg\",\"contentUrl\":\"https:\\\/\\\/geo-webonline.com\\\/wp-content\\\/uploads\\\/2020\\\/10\\\/lasmaericas3l.jpg\",\"width\":800,\"height\":400},{\"@type\":\"BreadcrumbList\",\"@id\":\"https:\\\/\\\/geo-webonline.com\\\/las-americas-se-unieron-hace-13-millones-de-anos\\\/#breadcrumb\",\"itemListElement\":[{\"@type\":\"ListItem\",\"position\":1,\"name\":\"Portada\",\"item\":\"https:\\\/\\\/geo-webonline.com\\\/\"},{\"@type\":\"ListItem\",\"position\":2,\"name\":\"Las Am\u00e9ricas se unieron hace 13 millones de a\u00f1os\"}]},{\"@type\":\"WebSite\",\"@id\":\"https:\\\/\\\/geo-webonline.com\\\/#website\",\"url\":\"https:\\\/\\\/geo-webonline.com\\\/\",\"name\":\"\",\"description\":\"El Blog de Alvaro Boiero\",\"potentialAction\":[{\"@type\":\"SearchAction\",\"target\":{\"@type\":\"EntryPoint\",\"urlTemplate\":\"https:\\\/\\\/geo-webonline.com\\\/?s={search_term_string}\"},\"query-input\":{\"@type\":\"PropertyValueSpecification\",\"valueRequired\":true,\"valueName\":\"search_term_string\"}}],\"inLanguage\":\"en-US\"},{\"@type\":\"Person\",\"@id\":\"https:\\\/\\\/geo-webonline.com\\\/#\\\/schema\\\/person\\\/fee10589f4f6ff18824c0b7685f6fcc0\",\"name\":\"ezequiel6\",\"image\":{\"@type\":\"ImageObject\",\"inLanguage\":\"en-US\",\"@id\":\"https:\\\/\\\/secure.gravatar.com\\\/avatar\\\/14fe3308c7246b005a720f725cff443acc41e4e87e096c058321dfc8996f9cd6?s=96&d=mm&r=g\",\"url\":\"https:\\\/\\\/secure.gravatar.com\\\/avatar\\\/14fe3308c7246b005a720f725cff443acc41e4e87e096c058321dfc8996f9cd6?s=96&d=mm&r=g\",\"contentUrl\":\"https:\\\/\\\/secure.gravatar.com\\\/avatar\\\/14fe3308c7246b005a720f725cff443acc41e4e87e096c058321dfc8996f9cd6?s=96&d=mm&r=g\",\"caption\":\"ezequiel6\"},\"sameAs\":[\"http:\\\/\\\/geo-webonline.com\"],\"url\":\"https:\\\/\\\/geo-webonline.com\\\/en\\\/author\\\/ezequiel6\\\/\"}]}<\/script>\n<!-- \/ Yoast SEO plugin. -->","yoast_head_json":{"title":"Las Am\u00e9ricas se unieron hace 13 millones de a\u00f1os -","robots":{"index":"index","follow":"follow","max-snippet":"max-snippet:-1","max-image-preview":"max-image-preview:large","max-video-preview":"max-video-preview:-1"},"canonical":"https:\/\/geo-webonline.com\/en\/las-americas-se-unieron-hace-13-millones-de-anos\/","og_locale":"en_US","og_type":"article","og_title":"Las Am\u00e9ricas se unieron hace 13 millones de a\u00f1os -","og_description":"Am\u00e9rica del Norte y Am\u00e9rica del Sur quedaron unidas por el itsmo de Panam\u00e1 hace 13 millones de a\u00f1os y no tres, como cre\u00edan hasta ahora los investigadores, seg\u00fan un nuevo estudio que public\u00f3 hoy la revista &#8220;Science&#8221;. &#8220;La formaci\u00f3n del itsmo de Panam\u00e1 est\u00e1 considerada un evento crucial en la literatura cient\u00edfica. Nosotros con [&hellip;]","og_url":"https:\/\/geo-webonline.com\/en\/las-americas-se-unieron-hace-13-millones-de-anos\/","article_published_time":"2020-10-05T20:28:08+00:00","article_modified_time":"2020-10-05T20:28:34+00:00","og_image":[{"width":800,"height":400,"url":"https:\/\/geo-webonline.com\/wp-content\/uploads\/2020\/10\/lasmaericas3l.jpg","type":"image\/jpeg"}],"author":"ezequiel6","twitter_card":"summary_large_image","twitter_misc":{"Written by":"ezequiel6","Est. reading time":"3 minutes"},"schema":{"@context":"https:\/\/schema.org","@graph":[{"@type":"Article","@id":"https:\/\/geo-webonline.com\/las-americas-se-unieron-hace-13-millones-de-anos\/#article","isPartOf":{"@id":"https:\/\/geo-webonline.com\/las-americas-se-unieron-hace-13-millones-de-anos\/"},"author":{"name":"ezequiel6","@id":"https:\/\/geo-webonline.com\/#\/schema\/person\/fee10589f4f6ff18824c0b7685f6fcc0"},"headline":"Las Am\u00e9ricas se unieron hace 13 millones de a\u00f1os","datePublished":"2020-10-05T20:28:08+00:00","dateModified":"2020-10-05T20:28:34+00:00","mainEntityOfPage":{"@id":"https:\/\/geo-webonline.com\/las-americas-se-unieron-hace-13-millones-de-anos\/"},"wordCount":535,"commentCount":0,"image":{"@id":"https:\/\/geo-webonline.com\/las-americas-se-unieron-hace-13-millones-de-anos\/#primaryimage"},"thumbnailUrl":"https:\/\/geo-webonline.com\/wp-content\/uploads\/2020\/10\/lasmaericas3l.jpg","articleSection":["Novedades"],"inLanguage":"en-US","potentialAction":[{"@type":"CommentAction","name":"Comment","target":["https:\/\/geo-webonline.com\/las-americas-se-unieron-hace-13-millones-de-anos\/#respond"]}]},{"@type":"WebPage","@id":"https:\/\/geo-webonline.com\/las-americas-se-unieron-hace-13-millones-de-anos\/","url":"https:\/\/geo-webonline.com\/las-americas-se-unieron-hace-13-millones-de-anos\/","name":"Las Am\u00e9ricas se unieron hace 13 millones de a\u00f1os -","isPartOf":{"@id":"https:\/\/geo-webonline.com\/#website"},"primaryImageOfPage":{"@id":"https:\/\/geo-webonline.com\/las-americas-se-unieron-hace-13-millones-de-anos\/#primaryimage"},"image":{"@id":"https:\/\/geo-webonline.com\/las-americas-se-unieron-hace-13-millones-de-anos\/#primaryimage"},"thumbnailUrl":"https:\/\/geo-webonline.com\/wp-content\/uploads\/2020\/10\/lasmaericas3l.jpg","datePublished":"2020-10-05T20:28:08+00:00","dateModified":"2020-10-05T20:28:34+00:00","author":{"@id":"https:\/\/geo-webonline.com\/#\/schema\/person\/fee10589f4f6ff18824c0b7685f6fcc0"},"breadcrumb":{"@id":"https:\/\/geo-webonline.com\/las-americas-se-unieron-hace-13-millones-de-anos\/#breadcrumb"},"inLanguage":"en-US","potentialAction":[{"@type":"ReadAction","target":["https:\/\/geo-webonline.com\/las-americas-se-unieron-hace-13-millones-de-anos\/"]}]},{"@type":"ImageObject","inLanguage":"en-US","@id":"https:\/\/geo-webonline.com\/las-americas-se-unieron-hace-13-millones-de-anos\/#primaryimage","url":"https:\/\/geo-webonline.com\/wp-content\/uploads\/2020\/10\/lasmaericas3l.jpg","contentUrl":"https:\/\/geo-webonline.com\/wp-content\/uploads\/2020\/10\/lasmaericas3l.jpg","width":800,"height":400},{"@type":"BreadcrumbList","@id":"https:\/\/geo-webonline.com\/las-americas-se-unieron-hace-13-millones-de-anos\/#breadcrumb","itemListElement":[{"@type":"ListItem","position":1,"name":"Portada","item":"https:\/\/geo-webonline.com\/"},{"@type":"ListItem","position":2,"name":"Las Am\u00e9ricas se unieron hace 13 millones de a\u00f1os"}]},{"@type":"WebSite","@id":"https:\/\/geo-webonline.com\/#website","url":"https:\/\/geo-webonline.com\/","name":"","description":"El Blog de Alvaro Boiero","potentialAction":[{"@type":"SearchAction","target":{"@type":"EntryPoint","urlTemplate":"https:\/\/geo-webonline.com\/?s={search_term_string}"},"query-input":{"@type":"PropertyValueSpecification","valueRequired":true,"valueName":"search_term_string"}}],"inLanguage":"en-US"},{"@type":"Person","@id":"https:\/\/geo-webonline.com\/#\/schema\/person\/fee10589f4f6ff18824c0b7685f6fcc0","name":"ezequiel6","image":{"@type":"ImageObject","inLanguage":"en-US","@id":"https:\/\/secure.gravatar.com\/avatar\/14fe3308c7246b005a720f725cff443acc41e4e87e096c058321dfc8996f9cd6?s=96&d=mm&r=g","url":"https:\/\/secure.gravatar.com\/avatar\/14fe3308c7246b005a720f725cff443acc41e4e87e096c058321dfc8996f9cd6?s=96&d=mm&r=g","contentUrl":"https:\/\/secure.gravatar.com\/avatar\/14fe3308c7246b005a720f725cff443acc41e4e87e096c058321dfc8996f9cd6?s=96&d=mm&r=g","caption":"ezequiel6"},"sameAs":["http:\/\/geo-webonline.com"],"url":"https:\/\/geo-webonline.com\/en\/author\/ezequiel6\/"}]}},"_links":{"self":[{"href":"https:\/\/geo-webonline.com\/en\/wp-json\/wp\/v2\/posts\/204","targetHints":{"allow":["GET"]}}],"collection":[{"href":"https:\/\/geo-webonline.com\/en\/wp-json\/wp\/v2\/posts"}],"about":[{"href":"https:\/\/geo-webonline.com\/en\/wp-json\/wp\/v2\/types\/post"}],"author":[{"embeddable":true,"href":"https:\/\/geo-webonline.com\/en\/wp-json\/wp\/v2\/users\/1"}],"replies":[{"embeddable":true,"href":"https:\/\/geo-webonline.com\/en\/wp-json\/wp\/v2\/comments?post=204"}],"version-history":[{"count":2,"href":"https:\/\/geo-webonline.com\/en\/wp-json\/wp\/v2\/posts\/204\/revisions"}],"predecessor-version":[{"id":207,"href":"https:\/\/geo-webonline.com\/en\/wp-json\/wp\/v2\/posts\/204\/revisions\/207"}],"wp:featuredmedia":[{"embeddable":true,"href":"https:\/\/geo-webonline.com\/en\/wp-json\/wp\/v2\/media\/205"}],"wp:attachment":[{"href":"https:\/\/geo-webonline.com\/en\/wp-json\/wp\/v2\/media?parent=204"}],"wp:term":[{"taxonomy":"category","embeddable":true,"href":"https:\/\/geo-webonline.com\/en\/wp-json\/wp\/v2\/categories?post=204"},{"taxonomy":"post_tag","embeddable":true,"href":"https:\/\/geo-webonline.com\/en\/wp-json\/wp\/v2\/tags?post=204"}],"curies":[{"name":"wp","href":"https:\/\/api.w.org\/{rel}","templated":true}]}}